{"id":4787,"date":"2022-04-06T12:19:19","date_gmt":"2022-04-06T15:19:19","guid":{"rendered":"https:\/\/www.inmacthno.cl\/web\/?p=4787"},"modified":"2022-04-06T12:20:04","modified_gmt":"2022-04-06T15:20:04","slug":"cuenta-publica-2022","status":"publish","type":"post","link":"https:\/\/www.inmacthno.cl\/web\/2022\/04\/06\/cuenta-publica-2022\/","title":{"rendered":"Cuenta P\u00fablica 2022"},"content":{"rendered":"<p>La Cuenta P\u00fablica 2022, a cargo de nuestro Director, Rolando Castillo, se realiz\u00f3 el mi\u00e9rcoles 30 de marzo en vivo v\u00eda Youtube.<br \/>\nEn esta instancia de transparencia p\u00fablica se rendi\u00f3 el uso de los recursos del Colegio ante toda nuestra Comunidad.<\/p>\n<p>-El informe anual correspondiente al a\u00f1o 2022 en archivo adjunto.<br \/>\n-Revive la transmisi\u00f3n <a href=\"https:\/\/youtu.be\/n5iuU1oNiPA\">en el siguiente link<\/a><\/p>\n<p>Informe Cuenta P\u00fablica:<br \/>\n<a href=\"https:\/\/www.inmacthno.cl\/web\/wp-content\/uploads\/2022\/04\/C-4-INFORME-ANUAL-2021.pdf\">C-4 INFORME ANUAL 2021<\/a><\/p>\n<p><img loading=\"lazy\" decoding=\"async\" class=\"aligncenter wp-image-4788 size-full\" src=\"https:\/\/www.inmacthno.cl\/web\/wp-content\/uploads\/2022\/04\/Cuenta-publica-2022.png\" alt=\"\" width=\"1080\" height=\"1350\" \/><\/p>\n","protected":false},"excerpt":{"rendered":"<p>La Cuenta P\u00fablica 2022, a cargo de nuestro Director, Rolando Castillo, se realiz\u00f3 el mi\u00e9rcoles 30 de marzo en vivo v\u00eda Youtube. En esta instancia de transparencia p\u00fablica se rendi\u00f3 el uso de los recursos del Colegio ante toda nuestra Comunidad. -El informe anual correspondiente al a\u00f1o 2022 en archivo adjunto. -Revive la transmisi\u00f3n en [&hellip;]<\/p>\n","protected":false},"author":1,"featured_media":0,"comment_status":"open","ping_status":"open","sticky":false,"template":"","format":"standard","meta":{"footnotes":""},"categories":[1],"tags":[],"class_list":["post-4787","post","type-post","status-publish","format-standard","hentry","category-sin-categoria"],"_links":{"self":[{"href":"https:\/\/www.inmacthno.cl\/web\/wp-json\/wp\/v2\/posts\/4787","targetHints":{"allow":["GET"]}}],"collection":[{"href":"https:\/\/www.inmacthno.cl\/web\/wp-json\/wp\/v2\/posts"}],"about":[{"href":"https:\/\/www.inmacthno.cl\/web\/wp-json\/wp\/v2\/types\/post"}],"author":[{"embeddable":true,"href":"https:\/\/www.inmacthno.cl\/web\/wp-json\/wp\/v2\/users\/1"}],"replies":[{"embeddable":true,"href":"https:\/\/www.inmacthno.cl\/web\/wp-json\/wp\/v2\/comments?post=4787"}],"version-history":[{"count":1,"href":"https:\/\/www.inmacthno.cl\/web\/wp-json\/wp\/v2\/posts\/4787\/revisions"}],"predecessor-version":[{"id":4790,"href":"https:\/\/www.inmacthno.cl\/web\/wp-json\/wp\/v2\/posts\/4787\/revisions\/4790"}],"wp:attachment":[{"href":"https:\/\/www.inmacthno.cl\/web\/wp-json\/wp\/v2\/media?parent=4787"}],"wp:term":[{"taxonomy":"category","embeddable":true,"href":"https:\/\/www.inmacthno.cl\/web\/wp-json\/wp\/v2\/categories?post=4787"},{"taxonomy":"post_tag","embeddable":true,"href":"https:\/\/www.inmacthno.cl\/web\/wp-json\/wp\/v2\/tags?post=4787"}],"curies":[{"name":"wp","href":"https:\/\/api.w.org\/{rel}","templated":true}]}}