{"id":5501,"date":"2023-02-28T17:36:12","date_gmt":"2023-02-28T20:36:12","guid":{"rendered":"https:\/\/www.inmacthno.cl\/web\/?p=5501"},"modified":"2023-06-14T10:17:39","modified_gmt":"2023-06-14T13:17:39","slug":"equipo-directivo-2023","status":"publish","type":"post","link":"https:\/\/www.inmacthno.cl\/web\/2023\/02\/28\/equipo-directivo-2023\/","title":{"rendered":"Equipo Directivo 2023"},"content":{"rendered":"<h2>Estimada Comunidad de la Inmaculada Concepci\u00f3n, tenemos el agrado de comunicar que\u00a0el Sr. Claudio Linke asumir\u00e1 como Director del Colegio Mixto Inmaculada Concepci\u00f3n de Talcahuano a partir de este a\u00f1o 2023.<\/h2>\n<h2>\u00a1Adelante con valor y alegr\u00eda!<\/h2>\n<p>&nbsp;<\/p>\n<p><img loading=\"lazy\" decoding=\"async\" class=\"size-full wp-image-5502 aligncenter\" src=\"https:\/\/www.inmacthno.cl\/web\/wp-content\/uploads\/2023\/02\/Equipo-Directivo-2023.png\" alt=\"\" width=\"700\" height=\"828\" srcset=\"https:\/\/www.inmacthno.cl\/web\/wp-content\/uploads\/2023\/02\/Equipo-Directivo-2023.png 700w, https:\/\/www.inmacthno.cl\/web\/wp-content\/uploads\/2023\/02\/Equipo-Directivo-2023-254x300.png 254w\" sizes=\"auto, (max-width: 700px) 100vw, 700px\" \/><\/p>\n","protected":false},"excerpt":{"rendered":"<p>Estimada Comunidad de la Inmaculada Concepci\u00f3n, tenemos el agrado de comunicar que\u00a0el Sr. Claudio Linke asumir\u00e1 como Director del Colegio Mixto Inmaculada Concepci\u00f3n de Talcahuano a partir de este a\u00f1o 2023. \u00a1Adelante con valor y alegr\u00eda! &nbsp;<\/p>\n","protected":false},"author":3,"featured_media":5167,"comment_status":"open","ping_status":"open","sticky":false,"template":"","format":"standard","meta":{"footnotes":""},"categories":[63],"tags":[],"class_list":["post-5501","post","type-post","status-publish","format-standard","has-post-thumbnail","hentry","category-noticia"],"_links":{"self":[{"href":"https:\/\/www.inmacthno.cl\/web\/wp-json\/wp\/v2\/posts\/5501","targetHints":{"allow":["GET"]}}],"collection":[{"href":"https:\/\/www.inmacthno.cl\/web\/wp-json\/wp\/v2\/posts"}],"about":[{"href":"https:\/\/www.inmacthno.cl\/web\/wp-json\/wp\/v2\/types\/post"}],"author":[{"embeddable":true,"href":"https:\/\/www.inmacthno.cl\/web\/wp-json\/wp\/v2\/users\/3"}],"replies":[{"embeddable":true,"href":"https:\/\/www.inmacthno.cl\/web\/wp-json\/wp\/v2\/comments?post=5501"}],"version-history":[{"count":2,"href":"https:\/\/www.inmacthno.cl\/web\/wp-json\/wp\/v2\/posts\/5501\/revisions"}],"predecessor-version":[{"id":5504,"href":"https:\/\/www.inmacthno.cl\/web\/wp-json\/wp\/v2\/posts\/5501\/revisions\/5504"}],"wp:featuredmedia":[{"embeddable":true,"href":"https:\/\/www.inmacthno.cl\/web\/wp-json\/wp\/v2\/media\/5167"}],"wp:attachment":[{"href":"https:\/\/www.inmacthno.cl\/web\/wp-json\/wp\/v2\/media?parent=5501"}],"wp:term":[{"taxonomy":"category","embeddable":true,"href":"https:\/\/www.inmacthno.cl\/web\/wp-json\/wp\/v2\/categories?post=5501"},{"taxonomy":"post_tag","embeddable":true,"href":"https:\/\/www.inmacthno.cl\/web\/wp-json\/wp\/v2\/tags?post=5501"}],"curies":[{"name":"wp","href":"https:\/\/api.w.org\/{rel}","templated":true}]}}