{"id":7373,"date":"2025-03-12T11:56:52","date_gmt":"2025-03-12T14:56:52","guid":{"rendered":"https:\/\/www.inmacthno.cl\/web\/?p=7373"},"modified":"2026-04-22T15:46:34","modified_gmt":"2026-04-22T18:46:34","slug":"circular-informativa-marzo-2025","status":"publish","type":"post","link":"https:\/\/www.inmacthno.cl\/web\/2025\/03\/12\/circular-informativa-marzo-2025\/","title":{"rendered":"Circular informativa marzo 2025"},"content":{"rendered":"<p>Estimada Comunidad de la Inmaculada Concepci\u00f3n, queda a disposici\u00f3n la circular informativa correspondiente al mes de marzo del a\u00f1o escolar 2025.<\/p>\n<p>&nbsp;<\/p>\n<h2><strong>Circular informativa<br \/>\n<\/strong><strong>Marzo 2025<\/strong><\/h2>\n<p><strong>\u00a0<\/strong><\/p>\n<h3><strong>Equipo Directivo y equipos por \u00e1rea:<\/strong><\/h3>\n<table width=\"761\">\n<tbody>\n<tr>\n<td width=\"311\">Cargo<\/td>\n<td width=\"157\">Nombre<\/td>\n<td width=\"293\">Email<\/td>\n<\/tr>\n<tr>\n<td width=\"311\">Director<\/td>\n<td width=\"157\">Claudio Linke<\/td>\n<td width=\"293\">direccion@inmacthno.cl<\/td>\n<\/tr>\n<tr>\n<td width=\"311\">Subdirector Formaci\u00f3n y Convivencia<\/td>\n<td width=\"157\">Alfonso Sagredo<\/td>\n<td width=\"293\">subdireccionformacion@inmacthno.cl<\/td>\n<\/tr>\n<tr>\n<td width=\"311\">Coordinaci\u00f3n Minden Convivencia<\/td>\n<td width=\"157\">Silvia Parra<\/td>\n<td width=\"293\">mindenconvivencia@inmacthno.cl<\/td>\n<\/tr>\n<tr>\n<td width=\"311\">Coordinaci\u00f3n Aquisgr\u00e1n Convivencia<\/td>\n<td width=\"157\">Allana Stuardo<\/td>\n<td width=\"293\">aquisgranconvivencia@inmacthno.cl<\/td>\n<\/tr>\n<tr>\n<td width=\"311\">Coordinaci\u00f3n Paderborn Convivencia<\/td>\n<td width=\"157\">Miscal Mondaca<\/td>\n<td width=\"293\">paderbornconvivencia@inmacthno.cl<\/td>\n<\/tr>\n<tr>\n<td width=\"311\">Trabajadora Social<\/td>\n<td width=\"157\">Macarena Bustos<\/td>\n<td width=\"293\">trabajosocial@inmacthno.cl<\/td>\n<\/tr>\n<tr>\n<td width=\"311\">Psic\u00f3loga Minden y Aquisgr\u00e1n<\/td>\n<td width=\"157\">Daniela Espinoza<\/td>\n<td width=\"293\">despinoza@inmacthno.cl<\/td>\n<\/tr>\n<tr>\n<td width=\"311\">Psic\u00f3loga Paderborn<\/td>\n<td width=\"157\">Maria Paz Arancibia<\/td>\n<td width=\"293\">marancibia@inmacthno.cl<\/td>\n<\/tr>\n<tr>\n<td width=\"311\">Subdirectora Pastoral<\/td>\n<td width=\"157\">Carolina Padilla<\/td>\n<td width=\"293\">subdireccionpastoral@inmacthno.cl<\/td>\n<\/tr>\n<tr>\n<td width=\"311\">Coordinadora Minden Pastoral<\/td>\n<td width=\"157\">Valeska Vera<\/td>\n<td width=\"293\">mindenpastoral@inmacthno.cl<\/td>\n<\/tr>\n<tr>\n<td width=\"311\">Coordinadora Aquisgr\u00e1n Pastoral<\/td>\n<td width=\"157\">Gladys Mu\u00f1oz<\/td>\n<td width=\"293\">aquisgranpastoral@inmacthno.cl<\/td>\n<\/tr>\n<tr>\n<td width=\"311\">Coordinadora Paderborn Pastoral<\/td>\n<td width=\"157\">Jennifer Ram\u00edrez<\/td>\n<td width=\"293\">paderbornpastoral@inmacthno.cl<\/td>\n<\/tr>\n<tr>\n<td width=\"311\">Subdirectora Curricular<\/td>\n<td width=\"157\">Marcela Labra\u00f1a<\/td>\n<td width=\"293\">subdireccioncurricular@inmacthno.cl<\/td>\n<\/tr>\n<tr>\n<td width=\"311\">Coordinadora Minden Curricular<\/td>\n<td width=\"157\">Andrea Mu\u00f1oz<\/td>\n<td width=\"293\">mindencurricular@inmacthno.cl<\/td>\n<\/tr>\n<tr>\n<td width=\"311\">Coordinador Aquisgr\u00e1n Curricular<\/td>\n<td width=\"157\">Francisco Briones<\/td>\n<td width=\"293\">aquisgrancurricular@inmacthno.cl<\/td>\n<\/tr>\n<tr>\n<td width=\"311\">Coordinadora Paderborn Curricular<\/td>\n<td width=\"157\">Camila Fuentes<\/td>\n<td width=\"293\">paderborncurricular@inmacthno.cl<\/td>\n<\/tr>\n<tr>\n<td width=\"311\">Coordinadora PIE Minden-Aquisgr\u00e1n<\/td>\n<td width=\"157\">Jossefa Retamal<\/td>\n<td width=\"293\">jretamal@inmacthno.cl<\/td>\n<\/tr>\n<tr>\n<td width=\"311\">Coordinadora PIE Paderborn<\/td>\n<td width=\"157\">Jaritza Melill\u00e1n<\/td>\n<td width=\"293\">jmelillan@inmacthno.cl<\/td>\n<\/tr>\n<\/tbody>\n<\/table>\n<p>&nbsp;<\/p>\n<p><strong>\u00a0<\/strong><strong>Profesores Jefes:<\/strong><\/p>\n<table width=\"660\">\n<tbody>\n<tr>\n<td><strong>Curso<\/strong><\/td>\n<td><strong>Profesor<\/strong><\/td>\n<td width=\"209\"><strong>Correo <\/strong><\/td>\n<\/tr>\n<tr>\n<td>PK A<\/td>\n<td>LUISA ROZAS<\/td>\n<td width=\"209\">lrozas@inmacthno.cl<\/td>\n<\/tr>\n<tr>\n<td>PK B<\/td>\n<td>SOLANGE VILLOUTA<\/td>\n<td width=\"209\">svillouta@inmacthno.cl<\/td>\n<\/tr>\n<tr>\n<td>K A<\/td>\n<td>CATHERINE MACAYA<\/td>\n<td width=\"209\">cmacaya@inmacthno.cl<\/td>\n<\/tr>\n<tr>\n<td>K B<\/td>\n<td>ALEJANDRA GONZALEZ<\/td>\n<td width=\"209\">agonzalez@inmacthno.cl<\/td>\n<\/tr>\n<tr>\n<td>1\u00b0 A<\/td>\n<td>PAULA ULLOA<\/td>\n<td width=\"209\">pulloa@inmacthno.cl<\/td>\n<\/tr>\n<tr>\n<td>1\u00b0 B<\/td>\n<td>ROXANA VEGA<\/td>\n<td width=\"209\">rvega@inmacthno.cl<\/td>\n<\/tr>\n<tr>\n<td>2\u00b0 A<\/td>\n<td>VALESKA VERA<\/td>\n<td width=\"209\">vvera@inmacthno.cl<\/td>\n<\/tr>\n<tr>\n<td>2\u00b0 B<\/td>\n<td>AURORA MARIN<\/td>\n<td width=\"209\">amarin@inmacthno.cl<\/td>\n<\/tr>\n<tr>\n<td>3\u00b0 A<\/td>\n<td>DARIOLETTE SOLAR<\/td>\n<td width=\"209\">dsolar@inmacthno.cl<\/td>\n<\/tr>\n<tr>\n<td>3\u00b0 B<\/td>\n<td>ANA MARIA CUEVAS<\/td>\n<td width=\"209\">acuevas@inmacthno.cl<\/td>\n<\/tr>\n<tr>\n<td>4\u00b0 A<\/td>\n<td>MARIUSKA GARCES<\/td>\n<td width=\"209\">mgarces@inmacthno.cl<\/td>\n<\/tr>\n<tr>\n<td>4\u00b0 B<\/td>\n<td>GLADYS MU\u00d1OZ<\/td>\n<td width=\"209\">gmunoz@inmacthno.cl<\/td>\n<\/tr>\n<tr>\n<td>5\u00b0 A<\/td>\n<td>KAREN TORRES<\/td>\n<td width=\"209\">ktorres@inmacthno.cl<\/td>\n<\/tr>\n<tr>\n<td>5\u00b0 B<\/td>\n<td>ESTEBAN OSORIO<\/td>\n<td width=\"209\">eosorio@inmacthno.cl<\/td>\n<\/tr>\n<tr>\n<td>6\u00b0 A<\/td>\n<td>JOHANA FUENTES<\/td>\n<td width=\"209\">jofuentes@inmacthno.cl<\/td>\n<\/tr>\n<tr>\n<td>6\u00b0 B<\/td>\n<td>ARELI SEGUEL<\/td>\n<td width=\"209\">aseguel@inmacthno.cl<\/td>\n<\/tr>\n<tr>\n<td>7\u00b0 A<\/td>\n<td>CONSTANZA VILLASE\u00d1OR<\/td>\n<td width=\"209\">cvillasenor@inmacthno.cl<\/td>\n<\/tr>\n<tr>\n<td>7\u00b0 B<\/td>\n<td>SOFIA JIMENEZ<\/td>\n<td width=\"209\">sjimenez@inmacthno.cl<\/td>\n<\/tr>\n<tr>\n<td>8\u00b0 A<\/td>\n<td>CAMILA MONTERO<\/td>\n<td width=\"209\">cmontero@inmacthno.cl<\/td>\n<\/tr>\n<tr>\n<td>8\u00b0 B<\/td>\n<td>ROCIO GARCIA<\/td>\n<td width=\"209\">rgarcia@inmacthno.cl<\/td>\n<\/tr>\n<tr>\n<td>I\u00b0 A<\/td>\n<td>CRISTOBAL FONSECA<\/td>\n<td width=\"209\">cfonseca@inmacthno.cl<\/td>\n<\/tr>\n<tr>\n<td>I\u00b0 B<\/td>\n<td>GENESIS REYES<\/td>\n<td width=\"209\">greyes@inmacthno.cl<\/td>\n<\/tr>\n<tr>\n<td>II\u00b0 A<\/td>\n<td>JESSICA FUENTES<\/td>\n<td width=\"209\">jfuentes@inmacthno.cl<\/td>\n<\/tr>\n<tr>\n<td>II\u00b0 B<\/td>\n<td>JONATHAN SANHUEZA<\/td>\n<td width=\"209\">jsanhueza@inmacthno.cl<\/td>\n<\/tr>\n<tr>\n<td>III\u00b0 A<\/td>\n<td>JOSE MOYA<\/td>\n<td width=\"209\">jmoya@inmacthno.cl<\/td>\n<\/tr>\n<tr>\n<td>III\u00b0 B<\/td>\n<td>KARINA FERNANDEZ<\/td>\n<td width=\"209\">kfernandez@inmacthno.cl<\/td>\n<\/tr>\n<tr>\n<td>IV\u00b0 A<\/td>\n<td>VIVIANA JARA<\/td>\n<td width=\"209\">vjara@inmacthno.cl<\/td>\n<\/tr>\n<tr>\n<td>IV\u00b0 B<\/td>\n<td>VALENTINA ALVAREZ<\/td>\n<td width=\"209\">valvarez@inmacthno.cl<\/td>\n<\/tr>\n<\/tbody>\n<\/table>\n<p>&nbsp;<\/p>\n<h3><strong>Horarios de Funcionamiento:<\/strong><\/h3>\n<table>\n<tbody>\n<tr>\n<td width=\"267\"><strong>Niveles<\/strong><\/td>\n<td width=\"459\"><strong>Horario de clases<\/strong><\/td>\n<\/tr>\n<tr>\n<td width=\"267\">Prek\u00ednder \u2013 K\u00ednder<\/td>\n<td width=\"459\">Lunes a viernes: 13:15 \u2013 17:45 hrs.<\/td>\n<\/tr>\n<tr>\n<td width=\"267\">1\u00b0 y 2\u00b0 b\u00e1sico<\/td>\n<td width=\"459\">Lunes a jueves: 13:15 \u2013 19:05 hrs.<\/p>\n<p>Viernes: 13:15 \u2013 17:30 hrs.<\/td>\n<\/tr>\n<tr>\n<td width=\"267\">3\u00b0 a 6\u00b0 b\u00e1sico<\/td>\n<td width=\"459\">Lunes a jueves de 8:00 \u2013 15:30 hrs.<\/p>\n<p>Viernes: 8:00\u00a0\u2013 13:05 hrs<\/td>\n<\/tr>\n<tr>\n<td width=\"267\">7\u00b0 y 8\u00b0 b\u00e1sico<\/td>\n<td width=\"459\">Lunes a jueves de 8:00 \u2013 15:20 hrs. Viernes: 8:00 \u2013 13:05 hrs.<\/td>\n<\/tr>\n<tr>\n<td width=\"267\">I\u00b0 a IV\u00b0 medio<\/td>\n<td width=\"459\">Lunes a mi\u00e9rcoles: 8:00 \u2013 16:15 hrs.<\/p>\n<p>Jueves: 8:00 \u2013 15:20 hrs.<\/p>\n<p>Viernes: 8:00 \u2013 13:50 hrs.<\/td>\n<\/tr>\n<\/tbody>\n<\/table>\n<p>* Fuera de este horario no se cuenta con personal para el cuidado de los ni\u00f1os, por lo cual los padres deber\u00e1n recoger de manera oportuna a sus hijos y solo se justificar\u00e1n los atrasos frente a situaciones imprevistas y\u00a0de\u00a0emergencia.<\/p>\n<p>&nbsp;<\/p>\n<h3><strong>Oficina de pases y justificaciones:<\/strong><\/h3>\n<p>Horario ma\u00f1ana: 7:30 &#8211; 12:00 horas.<br \/>\nHorario tarde: 13:00 &#8211; 18:00 horas.<\/p>\n<p>&nbsp;<\/p>\n<h3><strong>Canales de comunicaci\u00f3n entre padres y\/o apoderados con el establecimiento:<\/strong><\/h3>\n<ol>\n<li>Agenda del estudiante (Pre-K\u00ednder \u2013 8\u00b0 b\u00e1sico)<\/li>\n<li>Correo electr\u00f3nico institucional (Pre-K\u00ednder \u2013 IV\u00b0 medio)<\/li>\n<li>Pagina Web: www.inmacthno.cl<\/li>\n<li>Tel\u00e9fono: (41) 2792400<\/li>\n<li>Redes sociales institucionales.<\/li>\n<li>Circulares informativas.<\/li>\n<li>Plataforma de gesti\u00f3n educativa.<\/li>\n<\/ol>\n<p>&nbsp;<\/p>\n<h3><strong>Textos Escolares: <\/strong><\/h3>\n<p>Se entregar\u00e1n los textos enviados por el Ministerio de Educaci\u00f3n, no obstante, se podr\u00e1n sugerir textos correspondientes al Plan Lector y refuerzo de algunas habilidades con el objetivo de mantener y aumentar los est\u00e1ndares acad\u00e9micos trazados por el colegio.<\/p>\n<p>Normas de convivencia importantes para el 2025<\/p>\n<ul>\n<li>Presentaci\u00f3n Personal y uso de uniforme, de acuerdo con lo estipulado en el reglamento de convivencia escolar.<\/li>\n<li>Prohibici\u00f3n de uso y porte de celulares desde PK\u00b0 a 6\u00b0 b\u00e1sico<\/li>\n<li>Regulaci\u00f3n del uso del celular, solo con fines pedag\u00f3gicos de 7\u00b0 b\u00e1sico a IV\u00b0 medio.<\/li>\n<\/ul>\n<p>&nbsp;<\/p>\n<h3><strong>Infraestructura:<\/strong><\/h3>\n<ul>\n<li>Mantenci\u00f3n y reparaci\u00f3n de canaletas<\/li>\n<li>Mantenci\u00f3n de Aires acondicionados<\/li>\n<li>Instalaci\u00f3n de nuevas Cortinas en todas las salas, gracias al trabajo en conjunto con el centro de padres.<\/li>\n<li>Construcci\u00f3n de nueva oficina de recaudaci\u00f3n, lo que permiti\u00f3 la reubicaci\u00f3n de varios equipos de trabajo.<\/li>\n<li>Mejoramiento de las oficinas del equipo curricular.<\/li>\n<li>Cambio de las cortinas de sal\u00f3n de actos y escenario.<\/li>\n<li>Construcci\u00f3n de nueva cabina de inspector\u00eda en Patio Sagrada familia (pronta instalaci\u00f3n)<\/li>\n<li>Mejoramiento de los aros de b\u00e1squetbol (pronta instalaci\u00f3n)<\/li>\n<li>Renovaci\u00f3n completa del mobiliario y piso de la Biblioteca CRA (Pronta inauguraci\u00f3n)<\/li>\n<\/ul>\n","protected":false},"excerpt":{"rendered":"<p>Estimada Comunidad de la Inmaculada Concepci\u00f3n, queda a disposici\u00f3n la circular informativa correspondiente al mes de marzo del a\u00f1o escolar 2025. &nbsp; Circular informativa Marzo 2025 \u00a0 Equipo Directivo y equipos por \u00e1rea: Cargo Nombre Email Director Claudio Linke direccion@inmacthno.cl Subdirector Formaci\u00f3n y Convivencia Alfonso Sagredo subdireccionformacion@inmacthno.cl Coordinaci\u00f3n Minden Convivencia Silvia Parra mindenconvivencia@inmacthno.cl Coordinaci\u00f3n Aquisgr\u00e1n [&hellip;]<\/p>\n","protected":false},"author":3,"featured_media":5766,"comment_status":"open","ping_status":"open","sticky":false,"template":"","format":"standard","meta":{"footnotes":""},"categories":[1],"tags":[],"class_list":["post-7373","post","type-post","status-publish","format-standard","has-post-thumbnail","hentry","category-sin-categoria"],"_links":{"self":[{"href":"https:\/\/www.inmacthno.cl\/web\/wp-json\/wp\/v2\/posts\/7373","targetHints":{"allow":["GET"]}}],"collection":[{"href":"https:\/\/www.inmacthno.cl\/web\/wp-json\/wp\/v2\/posts"}],"about":[{"href":"https:\/\/www.inmacthno.cl\/web\/wp-json\/wp\/v2\/types\/post"}],"author":[{"embeddable":true,"href":"https:\/\/www.inmacthno.cl\/web\/wp-json\/wp\/v2\/users\/3"}],"replies":[{"embeddable":true,"href":"https:\/\/www.inmacthno.cl\/web\/wp-json\/wp\/v2\/comments?post=7373"}],"version-history":[{"count":4,"href":"https:\/\/www.inmacthno.cl\/web\/wp-json\/wp\/v2\/posts\/7373\/revisions"}],"predecessor-version":[{"id":7377,"href":"https:\/\/www.inmacthno.cl\/web\/wp-json\/wp\/v2\/posts\/7373\/revisions\/7377"}],"wp:featuredmedia":[{"embeddable":true,"href":"https:\/\/www.inmacthno.cl\/web\/wp-json\/wp\/v2\/media\/5766"}],"wp:attachment":[{"href":"https:\/\/www.inmacthno.cl\/web\/wp-json\/wp\/v2\/media?parent=7373"}],"wp:term":[{"taxonomy":"category","embeddable":true,"href":"https:\/\/www.inmacthno.cl\/web\/wp-json\/wp\/v2\/categories?post=7373"},{"taxonomy":"post_tag","embeddable":true,"href":"https:\/\/www.inmacthno.cl\/web\/wp-json\/wp\/v2\/tags?post=7373"}],"curies":[{"name":"wp","href":"https:\/\/api.w.org\/{rel}","templated":true}]}}